{"id":5620,"date":"2022-11-25T21:03:10","date_gmt":"2022-11-25T21:03:10","guid":{"rendered":"https:\/\/members.ift.uam-csic.es\/ed\/?p=5620"},"modified":"2022-12-08T19:09:15","modified_gmt":"2022-12-08T19:09:15","slug":"25n-statement-on-womens-rights-in-iran","status":"publish","type":"post","link":"https:\/\/members.ift.uam-csic.es\/ed\/2022\/11\/25\/25n-statement-on-womens-rights-in-iran\/","title":{"rendered":"25N &#8211; Statement on women&#8217;s rights in Iran"},"content":{"rendered":"\n<p>Today, 25 November 2022, International Day for the Elimination of Violence Against Women, the Institute of Theoretical Physics (IFT), represented by its Equality, Diversity and Inclusion committee, ratifies and gives full support to the Statement on women&#8217;s rights in Iran, promoted by&nbsp;<a href=\"https:\/\/www.isglobal.org\">ISGlobal<\/a>&nbsp;and the Global Health and Research community, which we reproduce below. The statement and the list of signing institutions can be also found <a href=\"https:\/\/members.ift.uam-csic.es\/ed\/wp-content\/uploads\/2022\/11\/Statement-on-womens-rights-in-Iran_25N_2022.pdf\">here<\/a>.<\/p>\n\n\n\n<h4 class=\"wp-block-heading\">Statement on women&#8217;s rights in Iran<\/h4>\n\n\n\n<p>The Global Health and Research community and their Gender and Equity Committees signing below, ratifies this statement written by The Barcelona Institute for Global Health (ISGlobal). Today, 25 November 2022, within the context of the International Day for the Elimination of Violence Against Women, we, on behalf of our international community of researchers and all the staff, show our support, solidarity and sisterhood to the women and girls of Iran in their rightful and peaceful fight for their rights.<\/p>\n\n\n\n<p>We strongly condemn the violence and humiliations against the women and girls and the extreme violence and repression that the demonstrators have faced recently during rallies. We send our deepest condolences to the family of Mahsa Amini, Nika Shakarami, Hadis Najafi, Sarina Esmailzadeh and to all the families of the more than two hundred assassinated persons during the protests. We echo their voices for Women, Life and Freedom.<\/p>\n\n\n\n<p>Finally, we stand for the right of the Iranian people to organise themselves, protest, vote and live freely in a real democracy, exercising their rights without fear. Thus, we urge the international community to help the Iranian people, while respecting their sovereignty with the most sincere intentions at heart.<\/p>\n\n\n\n<p>We also encourage people, at an individual level, to recognize and give voice to Iranian women through some of the following actions:<\/p>\n\n\n\n<p>&#8211; Let&#8217;s get informed<\/p>\n\n\n\n<p>&#8211; Let&#8217;s get interested in their history and read books and movies like &#8220;La Jaula de Oro&#8221; or&#8221;Persepolis&#8221;.<\/p>\n\n\n\n<p>&#8211; Let&#8217;s deconstruct the narratives that revolve around the Middle East, its women and its symbols.<\/p>\n\n\n\n<p>&#8211; Let\u2019s demand the media a broad and realistic coverage of the situation in countries like Iran.<\/p>\n\n\n\n<p>&#8211; Let&#8217;s amplify their protests in social media with your hashtags or in our community.<\/p>\n\n\n\n<p>&#8211; Let&#8217;s show up and show support.<\/p>\n\n\n\n<p>&#8211; Let&#8217;s press our governments to help the Iranian people, while respecting their sovereignty.<\/p>\n\n\n\n<p>&#8211; Let\u2019s donate money or help to organisations that fight for human rights.<\/p>\n\n\n\n<p>&#8211; Let&#8217;s take care of the planet and its resources, because our production and consumption model directly impact the lives of other people.<\/p>\n\n\n\n<p>&#8211; Let\u2019s also fight against the discrimination suffered by migrant women in European countries, at their borders, in access to housing, and even in schools for wearing the veil.<\/p>\n\n\n\n<p>To sum up, <strong>let us take responsibility and not look the other way, while the women of Iran fight for freedom.<\/strong><\/p>\n\n\n\n<p>November 25, 2022<\/p>\n\n\n\n<p><em>(On the International Day for the Elimination of Violence against Women)<\/em><\/p>\n\n\n\n<p><strong>Signing groups\/centers:<\/strong><\/p>\n\n\n\n<p>ISGlobal Equity &amp; Gender Commission<br>Can Ruti Women in Science Working Group (WiS)<br>Fundaci\u00f3 Lluita contra les Infeccions<br>FLS-Science<br>Comissi\u00f3 Igualtat Facultat de Medicina i Ci\u00e8ncies de la Salut (Campus Cl\u00ednic)<br>Institute of Mathematics of the University of Granada (IMAG)<br>Centre d&#8217;Estudis Demogr\u00e0fics<br>Fundaci\u00f3 Parc Cient\u00edfic de Barcelona<br>International Centre for Numerical Methods in Engineering (CIMNE)<br>Fundaci\u00f3 Institut de Recerca en Energia de Catalunya<br>Institut de Ci\u00e8ncia de Materials de Barcelona (ICMAB-CSIC)<br>Institute for Bioengineering of Catalonia (IBEC)<br>Institute of Environmental Sciences and Technology &#8211; Universitat Aut\u00f2noma de Barcelona<br>Marine and Environmental Biogeoscience Research Group<br>Instituto de Cat\u00e1lisis y Petroqu\u00edmica<br>Institut Catal\u00e0 d&#8217;Arqueologia Cl\u00e0ssica (ICAC)<br>IPHES Equality Commission<br>IPHES Responsible Research and Innovation Committee. RRI<br>Equity, Diversity &amp; Inclusion committee of the Instituto de F\u00edsica Te\u00f3rica UAM-CSIC<br>Institut de Recerca Sant Joan de D\u00e9u<br>Institut de Ci\u00e8ncies del Cosmos, Universitat de Barcelona<br>Institut Hospital del Mar d&#8217;Investigacions M\u00e8diques (IMIM)<br>Josep Carreras Leukaemia Research Institute (IJC) &#8211; Equality committee<br>Fundaci\u00f3 Pasqual Maragall i Fundaci\u00f3 BarcelonaBeta Brain Research Center<br>Comit\u00e8 de Igualtat, Diversitat i Inclusi\u00f3 del Parc de Recerca Biom\u00e8dica de Barcelona (PRBB)<br>Unitat d&#8217;Igualtat de la Universitat Pompeu Fabra<br>ICM Equality Task Force<br>ICFO Diversity &amp; Inclusion Committee<br>IDIBELL<br>Comit\u00e9 de Igualdad del Centro Nacional de Biotecnolog\u00eda<br>Barcelona Super Computing Center (BSC) Equity Commission<\/p>\n","protected":false},"excerpt":{"rendered":"<p>Today, 25 November 2022, International Day for the Elimination of Violence Against Women, the Institute of Theoretical Physics (IFT), represented by its Equality, Diversity and Inclusion committee, ratifies and gives [&hellip;]<\/p>\n","protected":false},"author":1,"featured_media":5528,"comment_status":"closed","ping_status":"open","sticky":false,"template":"","format":"standard","meta":{"_EventAllDay":false,"_EventTimezone":"","_EventStartDate":"","_EventEndDate":"","_EventStartDateUTC":"","_EventEndDateUTC":"","_EventShowMap":false,"_EventShowMapLink":false,"_EventURL":"","_EventCost":"","_EventCostDescription":"","_EventCurrencySymbol":"","_EventCurrencyPosition":"","_EventDateTimeSeparator":"","_EventTimeRangeSeparator":"","_EventOrganizerID":[],"_EventVenueID":0,"_OrganizerEmail":"","_OrganizerPhone":"","_OrganizerWebsite":"","_VenueAddress":"","_VenueCity":"","_VenueCountry":"","_VenueProvince":"","_VenueZip":"","_VenuePhone":"","_VenueURL":"","_VenueStateProvince":"","_VenueLat":"","_VenueLng":"","footnotes":""},"categories":[1],"tags":[9],"class_list":["post-5620","post","type-post","status-publish","format-standard","has-post-thumbnail","hentry","category-sin-categoria","tag-25n"],"_links":{"self":[{"href":"https:\/\/members.ift.uam-csic.es\/ed\/wp-json\/wp\/v2\/posts\/5620","targetHints":{"allow":["GET"]}}],"collection":[{"href":"https:\/\/members.ift.uam-csic.es\/ed\/wp-json\/wp\/v2\/posts"}],"about":[{"href":"https:\/\/members.ift.uam-csic.es\/ed\/wp-json\/wp\/v2\/types\/post"}],"author":[{"embeddable":true,"href":"https:\/\/members.ift.uam-csic.es\/ed\/wp-json\/wp\/v2\/users\/1"}],"replies":[{"embeddable":true,"href":"https:\/\/members.ift.uam-csic.es\/ed\/wp-json\/wp\/v2\/comments?post=5620"}],"version-history":[{"count":3,"href":"https:\/\/members.ift.uam-csic.es\/ed\/wp-json\/wp\/v2\/posts\/5620\/revisions"}],"predecessor-version":[{"id":5624,"href":"https:\/\/members.ift.uam-csic.es\/ed\/wp-json\/wp\/v2\/posts\/5620\/revisions\/5624"}],"wp:featuredmedia":[{"embeddable":true,"href":"https:\/\/members.ift.uam-csic.es\/ed\/wp-json\/wp\/v2\/media\/5528"}],"wp:attachment":[{"href":"https:\/\/members.ift.uam-csic.es\/ed\/wp-json\/wp\/v2\/media?parent=5620"}],"wp:term":[{"taxonomy":"category","embeddable":true,"href":"https:\/\/members.ift.uam-csic.es\/ed\/wp-json\/wp\/v2\/categories?post=5620"},{"taxonomy":"post_tag","embeddable":true,"href":"https:\/\/members.ift.uam-csic.es\/ed\/wp-json\/wp\/v2\/tags?post=5620"}],"curies":[{"name":"wp","href":"https:\/\/api.w.org\/{rel}","templated":true}]}}